{"id":39199,"date":"2026-08-31T16:56:10","date_gmt":"2026-08-31T15:56:10","guid":{"rendered":"https:\/\/kohanews.al\/?p=39199"},"modified":"2026-08-31T16:56:11","modified_gmt":"2026-08-31T15:56:11","slug":"fute-te-spitali-i-elbasanit-se-na-iku-kjo-eshte-nena-e-re-37-vjece-qe-humbi-jeten-bashke-me-foshnjen-gjate-rruges-per-spital-per-tirane","status":"publish","type":"post","link":"https:\/\/kohanews.al\/?p=39199","title":{"rendered":"\u201cFute te spitali i Elbasanit se na iku\u201d. Kjo \u00ebsht\u00eb n\u00ebna e re 37 vje\u00e7e q\u00eb humbi jet\u00ebn bashk\u00eb me foshnjen gjat\u00eb rrug\u00ebs p\u00ebr spital p\u00ebr Tiran\u00eb"},"content":{"rendered":"\n<p class=\"wp-block-paragraph\">Detaje t\u00eb reja dalin n\u00eb drit\u00eb p\u00ebr vdekjen e 37-vje\u00e7ares Marjana Karolina Bunaj, e cila humbi jet\u00ebn gjat\u00eb transportit me ambulanc\u00eb nga Pogradeci drejt Tiran\u00ebs.<\/p>\n\n\n\n<p class=\"wp-block-paragraph\">Gruaja, me origjin\u00eb nga Mirdita dhe e martuar n\u00eb Pogradec, ishte n\u00eb muajin e shtat\u00eb t\u00eb shtatz\u00ebnis\u00eb dhe priste f\u00ebmij\u00ebn e saj t\u00eb par\u00eb.<\/p>\n\n\n\n<p class=\"wp-block-paragraph\">Sipas familjar\u00ebve, bashk\u00ebshorti i saj ishte larguar drejt Shteteve t\u00eb Bashkuara t\u00eb Amerik\u00ebs vet\u00ebm tre dit\u00eb para ngjarjes. Ai dhe familja e tij jetojn\u00eb n\u00eb SHBA, nd\u00ebrsa 37-vje\u00e7arja priste q\u00eb t\u2019u bashkohej.<\/p>\n\n\n\n<p class=\"wp-block-paragraph\">P\u00ebr Marjan\u00ebn, udh\u00ebtimi drejt Shteteve t\u00eb Bashkuara do t\u00eb ishte hera e par\u00eb. Por gjat\u00eb nat\u00ebs s\u00eb s\u00eb diel\u00ebs, ajo ka shfaqur dhimbje t\u00eb forta n\u00eb bark.<\/p>\n\n\n\n<p class=\"wp-block-paragraph\">N\u00eb pamund\u00ebsi p\u00ebr t\u00eb p\u00ebrballuar situat\u00ebn, 37-vje\u00e7arja ka telefonuar motr\u00ebn e saj, e cila banonte pran\u00eb. Motra ka shkuar menj\u00ebher\u00eb dhe e ka marr\u00eb me makin\u00eb p\u00ebr ta d\u00ebrguar n\u00eb spitalin e Pogradecit.<\/p>\n\n\n\n<p class=\"wp-block-paragraph\">Pas mb\u00ebrritjes n\u00eb spital, mjek\u00ebt kan\u00eb dyshuar p\u00ebr nj\u00eb hemorragji. Sipas informacioneve paraprake, pas ekzaminimeve, pacientja \u00ebsht\u00eb vendosur n\u00eb katin e sip\u00ebrm t\u00eb maternitetit, ku \u00ebsht\u00eb vler\u00ebsuar se kishte nevoj\u00eb p\u00ebr trajtim m\u00eb t\u00eb specializuar dhe duhej t\u00eb transportohej drejt Tiran\u00ebs.<\/p>\n\n\n\n<p class=\"wp-block-paragraph\">Gjat\u00eb k\u00ebsaj kohe \u00ebsht\u00eb diskutuar edhe mund\u00ebsia e transportimit me helikopter. Megjithat\u00eb, sipas informacioneve t\u00eb b\u00ebra publike, kjo alternativ\u00eb nuk \u00ebsht\u00eb realizuar p\u00ebr shkak t\u00eb err\u00ebsir\u00ebs.<\/p>\n\n\n\n<p class=\"wp-block-paragraph\">Sipas t\u00eb dh\u00ebnave paraprake, 37-vje\u00e7arja \u00ebsht\u00eb paraqitur n\u00eb spital me parametra jet\u00ebsor\u00eb t\u00eb ul\u00ebt dhe n\u00eb nj\u00eb gjendje t\u00eb r\u00ebnduar, e cila e b\u00ebnte t\u00eb v\u00ebshtir\u00eb transportin. M\u00eb pas \u00ebsht\u00eb kryer edhe reanimimi.<\/p>\n\n\n\n<p class=\"wp-block-paragraph\">Pas p\u00ebrgatitjeve, n\u00eb or\u00ebn 04:30 t\u00eb m\u00ebngjesit, Marjana \u00ebsht\u00eb nisur me ambulanc\u00eb drejt Tiran\u00ebs.<\/p>\n\n\n\n<p class=\"wp-block-paragraph\">Por udh\u00ebtimi nuk do t\u00eb p\u00ebrfundonte n\u00eb kryeqytet.<\/p>\n\n\n\n<p class=\"wp-block-paragraph\">N\u00eb hyrje t\u00eb Elbasanit, gjendja e 37-vje\u00e7ares \u00ebsht\u00eb p\u00ebrkeq\u00ebsuar dhe ajo ka ndaluar s\u00eb reaguari. N\u00eb ato momente, sipas d\u00ebshmis\u00eb s\u00eb motr\u00ebs s\u00eb saj, e cila ndodhej n\u00eb ambulanc\u00eb, infermierja i ka r\u00ebn\u00eb xhamit t\u00eb shoferit dhe i ka k\u00ebrkuar q\u00eb ta drejtonte ambulanc\u00ebn drejt spitalit t\u00eb Elbasanit.<\/p>\n\n\n\n<p class=\"wp-block-paragraph\">\u201cFute te spitali i Elbasanit se na iku\u201d, m\u00ebsohet t\u2019i ket\u00eb th\u00ebn\u00eb infermierja shoferit.<\/p>\n\n\n\n<p class=\"wp-block-paragraph\">Ambulanca \u00ebsht\u00eb drejtuar drejt spitalit t\u00eb Elbasanit, nd\u00ebrsa motra e viktim\u00ebs pretendon se 37-vje\u00e7arja ka mb\u00ebrritur pa shenja jete.<\/p>\n\n\n\n<p class=\"wp-block-paragraph\">Pas konstatimit t\u00eb vdekjes, trupi i 37-vje\u00e7ares \u00ebsht\u00eb d\u00ebrguar p\u00ebr autopsi n\u00eb morgun e Tiran\u00ebs.<\/p>\n\n\n\n<p class=\"wp-block-paragraph\">Nd\u00ebrkoh\u00eb, motra e Marjan\u00ebs \u00ebsht\u00eb paraqitur n\u00eb Komisariatin Nr. 4, ku ka b\u00ebr\u00eb kall\u00ebzim p\u00ebr rrethanat e ngjarjes.<\/p>\n\n\n\n<p class=\"wp-block-paragraph\">Familjar\u00ebt k\u00ebrkojn\u00eb q\u00eb t\u00eb zbardhet i gjith\u00eb itinerari mjek\u00ebsor i 37-vje\u00e7ares, nga momenti i paraqitjes n\u00eb maternitetin e Pogradecit, trajtimi i marr\u00eb aty, koha e nisjes drejt Tiran\u00ebs dhe gjendja e saj gjat\u00eb transportit.<\/p>\n\n\n\n<p class=\"wp-block-paragraph\">N\u00eb qend\u00ebr t\u00eb hetimit pritet t\u00eb jen\u00eb edhe pretendimet p\u00ebr vonesat, mund\u00ebsia e transportit me helikopter, gjendja e pacientes n\u00eb momentin e nisjes dhe nd\u00ebrhyrjet e kryera gjat\u00eb rrug\u00ebs.<\/p>\n\n\n\n<p class=\"wp-block-paragraph\">P\u00ebr momentin, k\u00ebto jan\u00eb t\u00eb dh\u00ebna dhe pretendime t\u00eb familjar\u00ebve dhe informacione paraprake. Shkaqet e sakta t\u00eb vdekjes pritet t\u00eb p\u00ebrcaktohen nga autopsia, nd\u00ebrsa p\u00ebrgjegj\u00ebsia eventuale e personelit mjek\u00ebsor apo e strukturave sh\u00ebndet\u00ebsore do t\u00eb duhet t\u00eb vler\u00ebsohet nga hetimet e autoriteteve.<\/p>\n\n\n\n<p class=\"wp-block-paragraph\">Marjana Karolina Bunaj ishte n\u00eb muajin e shtat\u00eb t\u00eb shtatz\u00ebnis\u00eb dhe, sipas familjar\u00ebve, priste t\u00eb sillte n\u00eb jet\u00eb f\u00ebmij\u00ebn e saj t\u00eb par\u00eb. Vet\u00ebm pak dit\u00eb p\u00ebrpara tragjedis\u00eb, bashk\u00ebshorti i saj ishte larguar drejt SHBA-ve, n\u00eb pritje t\u00eb bashkimit familjar.<\/p>\n","protected":false},"excerpt":{"rendered":"<p>Detaje t\u00eb reja dalin n\u00eb drit\u00eb p\u00ebr vdekjen e 37-vje\u00e7ares Marjana Karolina Bunaj, e cila humbi jet\u00ebn gjat\u00eb transportit me ambulanc\u00eb nga Pogradeci drejt Tiran\u00ebs. Gruaja, me origjin\u00eb nga Mirdita dhe e martuar n\u00eb Pogradec, ishte n\u00eb muajin e shtat\u00eb t\u00eb shtatz\u00ebnis\u00eb dhe priste f\u00ebmij\u00ebn e saj t\u00eb par\u00eb. Sipas familjar\u00ebve, bashk\u00ebshorti i saj ishte [&hellip;]<\/p>\n","protected":false},"author":1,"featured_media":39200,"comment_status":"closed","ping_status":"open","sticky":false,"template":"","format":"standard","meta":{"jnews-multi-image_gallery":[],"jnews_single_post":{"format":"standard"},"jnews_primary_category":[],"footnotes":""},"categories":[1],"tags":[],"class_list":["post-39199","post","type-post","status-publish","format-standard","has-post-thumbnail","hentry","category-news"],"_links":{"self":[{"href":"https:\/\/kohanews.al\/index.php?rest_route=\/wp\/v2\/posts\/39199","targetHints":{"allow":["GET"]}}],"collection":[{"href":"https:\/\/kohanews.al\/index.php?rest_route=\/wp\/v2\/posts"}],"about":[{"href":"https:\/\/kohanews.al\/index.php?rest_route=\/wp\/v2\/types\/post"}],"author":[{"embeddable":true,"href":"https:\/\/kohanews.al\/index.php?rest_route=\/wp\/v2\/users\/1"}],"replies":[{"embeddable":true,"href":"https:\/\/kohanews.al\/index.php?rest_route=%2Fwp%2Fv2%2Fcomments&post=39199"}],"version-history":[{"count":1,"href":"https:\/\/kohanews.al\/index.php?rest_route=\/wp\/v2\/posts\/39199\/revisions"}],"predecessor-version":[{"id":39201,"href":"https:\/\/kohanews.al\/index.php?rest_route=\/wp\/v2\/posts\/39199\/revisions\/39201"}],"wp:featuredmedia":[{"embeddable":true,"href":"https:\/\/kohanews.al\/index.php?rest_route=\/wp\/v2\/media\/39200"}],"wp:attachment":[{"href":"https:\/\/kohanews.al\/index.php?rest_route=%2Fwp%2Fv2%2Fmedia&parent=39199"}],"wp:term":[{"taxonomy":"category","embeddable":true,"href":"https:\/\/kohanews.al\/index.php?rest_route=%2Fwp%2Fv2%2Fcategories&post=39199"},{"taxonomy":"post_tag","embeddable":true,"href":"https:\/\/kohanews.al\/index.php?rest_route=%2Fwp%2Fv2%2Ftags&post=39199"}],"curies":[{"name":"wp","href":"https:\/\/api.w.org\/{rel}","templated":true}]}}