{"id":39202,"date":"2026-08-31T21:15:40","date_gmt":"2026-08-31T20:15:40","guid":{"rendered":"https:\/\/kohanews.al\/?p=39202"},"modified":"2026-08-31T21:15:42","modified_gmt":"2026-08-31T20:15:42","slug":"punime-ne-tirane-durres-arrsh-ben-njoftimin-e-rendesishem-tre-ditet-ne-vijim-do-te-kete-bllokim","status":"publish","type":"post","link":"https:\/\/kohanews.al\/?p=39202","title":{"rendered":"Punime n\u00eb Tiran\u00eb-Durr\u00ebs\/ ARRSH b\u00ebn njoftimin e r\u00ebnd\u00ebsish\u00ebm: Tre dit\u00ebt n\u00eb vijim do t\u00eb ket\u00eb bllokim.."},"content":{"rendered":"\n<p class=\"wp-block-paragraph\">Autoriteti Rrugor Shqiptar ka b\u00ebr\u00eb nj\u00eb njoftim n\u00eb lidhje me kufizimin e qarkullimit t\u00eb mjeteve p\u00ebr shkak t\u00eb punime q\u00eb po kryhen p\u00ebr zgjerimin e superstrad\u00ebs Tiran\u00eb-Durr\u00ebs.<\/p>\n\n\n\n<p class=\"wp-block-paragraph\">Sipas ARRSH, p\u00ebr realizimin e sigurt t\u00eb punimeve do t\u00eb ket\u00eb bllokim t\u00eb korsive t\u00eb l\u00ebvizjes n\u00eb t\u00eb dyja akset Tiran\u00eb-Durr\u00ebs dhe Durr\u00ebs-Tiran\u00eb nga datat 1,2 dhe 3 shtator ne intervalin kohor 23:00-05:00.<\/p>\n\n\n\n<p class=\"wp-block-paragraph\"><strong>Njoftimi i ARRSH:<\/strong><\/p>\n\n\n\n<p class=\"wp-block-paragraph\">N\u00eb kuad\u00ebr t\u00eb vijimit t\u00eb punimeve p\u00ebr realizimin e projektit \u201cZgjerimi i Superstrad\u00ebs Tiran\u00eb\u2013Durr\u00ebs (Faza III)\u201d, dhe n\u00eb zbatim t\u00eb Planit t\u00eb Menaxhimit t\u00eb Trafikut, do t\u00eb kryhen punime p\u00ebr montimin e trar\u00ebve metalik\u00eb n\u00eb hap\u00ebsir\u00ebn qendrore t\u00eb mbikalimit t\u00eb ri t\u00eb Kasharit.<\/p>\n\n\n\n<p class=\"wp-block-paragraph\">P\u00ebr realizimin e sigurt t\u00eb k\u00ebtyre punimeve, n\u00eb datat 1, 2 dhe 3 shtator 2026, n\u00eb intervalin kohor 23:00\u201305:00, do t\u00eb ket\u00eb bllokim t\u00eb p\u00ebrkohsh\u00ebm t\u00eb korsive t\u00eb l\u00ebvizjes n\u00eb t\u00eb dyja drejtimet e aksit kryesor Tiran\u00eb\u2013Durr\u00ebs dhe Durr\u00ebs\u2013Tiran\u00eb.<\/p>\n\n\n\n<p class=\"wp-block-paragraph\">Gjat\u00eb k\u00ebtij intervali kohor, qarkullimi i mjeteve do t\u00eb menaxhohet dhe devijohet sipas skem\u00ebs s\u00eb m\u00ebposhtme: <strong>Drejtimi Tiran\u00eb\u2013Durr\u00ebs<\/strong><\/p>\n\n\n\n<p class=\"wp-block-paragraph\">Mjetet do t\u00eb devijohen n\u00ebp\u00ebrmjet ramp\u00ebs provizore n\u00eb drejtim t\u00eb Rinasit dhe do t\u00eb vijojn\u00eb l\u00ebvizjen n\u00eb rrug\u00ebn dyt\u00ebsore. Rikthimi n\u00eb autostrad\u00eb do t\u00eb b\u00ebhet n\u00ebp\u00ebrmjet rrug\u00ebs s\u00eb Rinasit dhe ramp\u00ebs p\u00ebrkat\u00ebse n\u00eb drejtim t\u00eb Durr\u00ebsit.<\/p>\n\n\n\n<p class=\"wp-block-paragraph\"><strong>Mjetet e r\u00ebnda, ve\u00e7an\u00ebrisht kamion\u00ebt<\/strong><\/p>\n\n\n\n<p class=\"wp-block-paragraph\">P\u00ebr shkak t\u00eb karakteristikave t\u00eb qarkullimit dhe punimeve q\u00eb do t\u00eb kryhen, mjetet e r\u00ebnda do t\u00eb devijohen q\u00eb nga nyja \u201cCasa Italia\u201d, duke vijuar n\u00ebp\u00ebrmjet rrug\u00ebs dyt\u00ebsore.<\/p>\n\n\n\n<p class=\"wp-block-paragraph\">Drejtimi Durr\u00ebs\u2013Tiran\u00eb<\/p>\n\n\n\n<p class=\"wp-block-paragraph\">Mjetet do t\u00eb devijohen n\u00ebp\u00ebrmjet mbikalimit Kashar\u2013Thuman\u00eb, duke vijuar n\u00eb rrug\u00ebn dyt\u00ebsore n\u00eb an\u00ebn e majt\u00eb, deri pas mbikalimit t\u00eb Kasharit, nga ku do t\u00eb rikthehen n\u00eb autostrad\u00eb.<\/p>\n\n\n\n<p class=\"wp-block-paragraph\"><strong>Mjetet me destinacion Rinasin, Shkodr\u00ebn dhe Kosov\u00ebn<\/strong><\/p>\n\n\n\n<p class=\"wp-block-paragraph\">K\u00ebto mjete do t\u00eb sinjalizohen dhe orientohen q\u00eb n\u00eb mbikalimin e autostrad\u00ebs Kashar\u2013Thuman\u00eb, p\u00ebr t\u00eb vijuar m\u00eb tej n\u00eb drejtimin p\u00ebrkat\u00ebs. Gjat\u00eb gjith\u00eb periudh\u00ebs s\u00eb nd\u00ebrhyrjes do t\u00eb jet\u00eb e pranishme sinjalistika e p\u00ebrkohshme rrugore, nd\u00ebrsa drejtuesit e mjeteve jan\u00eb t\u00eb lutur t\u00eb ndjekin me p\u00ebrpik\u00ebri sinjalizimin dhe udh\u00ebzimet e personelit t\u00eb angazhuar p\u00ebr menaxhimin e trafikut.<\/p>\n\n\n\n<p class=\"wp-block-paragraph\">ARRSH k\u00ebrkon mir\u00ebkuptimin dhe bashk\u00ebpunimin e drejtuesve t\u00eb mjeteve, bizneseve dhe banor\u00ebve t\u00eb zon\u00ebs p\u00ebr kufizimet e p\u00ebrkohshme t\u00eb qarkullimit. U rekomandohet drejtuesve t\u00eb mjeteve t\u00eb planifikojn\u00eb paraprakisht itinerarin e tyre dhe t\u00eb shmangin, sa t\u00eb jet\u00eb e mundur, qarkullimin n\u00eb k\u00ebt\u00eb segment gjat\u00eb intervalit kohor t\u00eb punimeve.<\/p>\n","protected":false},"excerpt":{"rendered":"<p>Autoriteti Rrugor Shqiptar ka b\u00ebr\u00eb nj\u00eb njoftim n\u00eb lidhje me kufizimin e qarkullimit t\u00eb mjeteve p\u00ebr shkak t\u00eb punime q\u00eb po kryhen p\u00ebr zgjerimin e superstrad\u00ebs Tiran\u00eb-Durr\u00ebs. Sipas ARRSH, p\u00ebr realizimin e sigurt t\u00eb punimeve do t\u00eb ket\u00eb bllokim t\u00eb korsive t\u00eb l\u00ebvizjes n\u00eb t\u00eb dyja akset Tiran\u00eb-Durr\u00ebs dhe Durr\u00ebs-Tiran\u00eb nga datat 1,2 dhe 3 [&hellip;]<\/p>\n","protected":false},"author":1,"featured_media":39203,"comment_status":"closed","ping_status":"open","sticky":false,"template":"","format":"standard","meta":{"jnews-multi-image_gallery":[],"jnews_single_post":{"format":"standard"},"jnews_primary_category":[],"footnotes":""},"categories":[1],"tags":[],"class_list":["post-39202","post","type-post","status-publish","format-standard","has-post-thumbnail","hentry","category-news"],"_links":{"self":[{"href":"https:\/\/kohanews.al\/index.php?rest_route=\/wp\/v2\/posts\/39202","targetHints":{"allow":["GET"]}}],"collection":[{"href":"https:\/\/kohanews.al\/index.php?rest_route=\/wp\/v2\/posts"}],"about":[{"href":"https:\/\/kohanews.al\/index.php?rest_route=\/wp\/v2\/types\/post"}],"author":[{"embeddable":true,"href":"https:\/\/kohanews.al\/index.php?rest_route=\/wp\/v2\/users\/1"}],"replies":[{"embeddable":true,"href":"https:\/\/kohanews.al\/index.php?rest_route=%2Fwp%2Fv2%2Fcomments&post=39202"}],"version-history":[{"count":1,"href":"https:\/\/kohanews.al\/index.php?rest_route=\/wp\/v2\/posts\/39202\/revisions"}],"predecessor-version":[{"id":39204,"href":"https:\/\/kohanews.al\/index.php?rest_route=\/wp\/v2\/posts\/39202\/revisions\/39204"}],"wp:featuredmedia":[{"embeddable":true,"href":"https:\/\/kohanews.al\/index.php?rest_route=\/wp\/v2\/media\/39203"}],"wp:attachment":[{"href":"https:\/\/kohanews.al\/index.php?rest_route=%2Fwp%2Fv2%2Fmedia&parent=39202"}],"wp:term":[{"taxonomy":"category","embeddable":true,"href":"https:\/\/kohanews.al\/index.php?rest_route=%2Fwp%2Fv2%2Fcategories&post=39202"},{"taxonomy":"post_tag","embeddable":true,"href":"https:\/\/kohanews.al\/index.php?rest_route=%2Fwp%2Fv2%2Ftags&post=39202"}],"curies":[{"name":"wp","href":"https:\/\/api.w.org\/{rel}","templated":true}]}}