{"id":39207,"date":"2026-09-01T12:12:58","date_gmt":"2026-09-01T11:12:58","guid":{"rendered":"https:\/\/kohanews.al\/?p=39207"},"modified":"2026-09-01T12:15:18","modified_gmt":"2026-09-01T11:15:18","slug":"e-rrahen-se-kerkoi-pagen-dalin-pamjet-e-dhunimit-te-kamarierit-ne-golem-djemte-e-pronarit-e-2-te-tjere","status":"publish","type":"post","link":"https:\/\/kohanews.al\/?p=39207","title":{"rendered":"E rrah\u00ebn se k\u00ebrkoi pag\u00ebn\/ DALIN PAMJET e dhunimit t\u00eb kamarierit n\u00eb Golem! Djemt\u00eb e pronarit e 2 t\u00eb tjer\u00eb.."},"content":{"rendered":"\n<p class=\"wp-block-paragraph\">Dalin pamjet e konfliktit q\u00eb p\u00ebrfundoi me plagosjen e kamerierit 18-vje\u00e7ar n\u00eb nj\u00eb lokal hoteli n\u00eb Malin e Robit, n\u00eb Golem.<\/p>\n\n\n\n<p class=\"wp-block-paragraph\">Pamjet tregojn\u00eb vet\u00ebm pjes\u00ebn e sherrit jasht\u00eb lokalit. Ajo \u00e7far\u00eb ka ndodhur brenda lokalit nuk dihet, pasi nga veprimet procedurale t\u00eb grupit hetimor n\u00eb vendngjarje rezultoi se DVR-ja e kamerave t\u00eb siguris\u00eb ishte hequr dhe kabllot ishin prer\u00eb.<\/p>\n\n\n\n<figure class=\"wp-block-embed is-type-video is-provider-youtube wp-block-embed-youtube wp-embed-aspect-16-9 wp-has-aspect-ratio\"><div class=\"wp-block-embed__wrapper\">\n<div class=\"jeg_video_container jeg_video_content\"><iframe title=\"Grushte e t\u00eb b\u00ebrtitura, del video e dhunimit t\u00eb kamarierit n\u00eb Golem! E rrah\u00ebn se k\u00ebrkoi pag\u00ebn\" width=\"500\" height=\"281\" src=\"https:\/\/www.youtube.com\/embed\/LwxQ-uDcS60?feature=oembed\" frameborder=\"0\" allow=\"accelerometer; autoplay; clipboard-write; encrypted-media; gyroscope; picture-in-picture; web-share\" referrerpolicy=\"strict-origin-when-cross-origin\" allowfullscreen><\/iframe><\/div>\n<\/div><\/figure>\n\n\n\n<p class=\"wp-block-paragraph\">N\u00eb video shihet momenti kur 18-vje\u00e7ari Genti Nela del me vrap nga lokali, n\u00eb p\u00ebrpjekje p\u00ebr t\u2019i shp\u00ebtuar dhun\u00ebs dhe ndjekjes nga disa persona. N\u00eb nj\u00eb moment, i riu ndalet, kthehet dhe godet me grusht Florian Habilajn, i cili rr\u00ebzohet n\u00eb tok\u00eb. Menj\u00ebher\u00eb pas k\u00ebsaj, 4 personat e proceduar tashm\u00eb penalisht vijojn\u00eb ta godasin 18-vje\u00e7arin.<\/p>\n\n\n\n<p class=\"wp-block-paragraph\">Ngjarja ndodhi m\u00eb 27 gusht, dit\u00ebn kur kamerieri Nela u njoftua se duhej t\u00eb largohej nga puna si kamerier.<\/p>\n\n\n\n<p class=\"wp-block-paragraph\">Mbr\u00ebmjen e 27 gushtit, heqja nga puna iu komunikua papritur. 18-vje\u00e7ari k\u00ebrkoi shpjegime se p\u00ebrse nuk ishte njoftuar m\u00eb her\u00ebt, p\u00ebr t\u2019i dh\u00ebn\u00eb mund\u00ebsin\u00eb t\u00eb gjente nj\u00eb tjet\u00ebr pun\u00eb. Heqja n\u00eb k\u00ebt\u00eb m\u00ebnyr\u00eb e linte dhe pa pag\u00ebn e t\u00eb pakt\u00ebn 20 dit\u00ebve pune.<\/p>\n\n\n\n<p class=\"wp-block-paragraph\">Genti Nela m\u00ebsohet se sapo ka p\u00ebrfunduar gjimnazin dhe kishte k\u00ebrkuar nj\u00eb pun\u00eb sezonale p\u00ebr t\u00eb siguruar t\u00eb ardhura p\u00ebr veten. M\u00ebsohet se edhe n\u00eb sezonet e m\u00ebparshme, dhe pse i mitur, kishte punuar si shum\u00eb t\u00eb tjer\u00eb, nd\u00ebrsa p\u00ebr k\u00ebt\u00eb sezon i ishte premtuar pun\u00ebsimi disa muaj para hapjes s\u00eb lokalit.<\/p>\n\n\n\n<p class=\"wp-block-paragraph\">Sipas deklarat\u00ebs s\u00eb tij, gjat\u00eb pun\u00ebs \u00ebsht\u00eb p\u00ebrballur me komunikime dhe keqtrajtime verbale, nd\u00ebrsa dita e fundit e pun\u00ebs p\u00ebrfundoi me konflikt fizik brenda dhe jasht\u00eb lokalit dhe m\u00eb pas n\u00eb spital.<\/p>\n\n\n\n<p class=\"wp-block-paragraph\">18-vje\u00e7ari p\u00ebrfundoi me 2 qepje mbas koke, 1 dh\u00ebmb t\u00eb&nbsp; thyer dhe fraktur\u00eb n\u00eb hund\u00eb.<\/p>\n\n\n\n<p class=\"wp-block-paragraph\">4 dit\u00eb pas ngjarjes, n\u00eb Gjykat\u00ebn e Durr\u00ebsit, dje, i arrestuari Florian Habilaj u shfaq me nj\u00eb fash\u00eb t\u00eb vog\u00ebl n\u00eb pjes\u00ebn e sip\u00ebrme t\u00eb kok\u00ebs.<\/p>\n\n\n\n<p class=\"wp-block-paragraph\">N\u00eb lidhje me ngjarjen \u00ebsht\u00eb arrestuar edhe xhaxhai i 18-vje\u00e7arit, 47-vje\u00e7ari Melson Nela. Sipas Policis\u00eb, ai u kap me nj\u00eb kallashnikov n\u00eb makin\u00eb teksa dyshohet se po shkonte drejt hotelit me q\u00ebllim hakmarrjen.<\/p>\n\n\n\n<p class=\"wp-block-paragraph\">Ky version \u00ebsht\u00eb mohuar nga 47-vje\u00e7ari, q\u00eb akuzohet p\u00ebr arm\u00ebmbajtje pa leje, n\u00eb gjykat\u00eb.<\/p>\n\n\n\n<p class=\"wp-block-paragraph\">Nd\u00ebrkoh\u00eb, nj\u00ebri nga v\u00ebllez\u00ebrit pronar\u00eb t\u00eb hotelit Florian Habilaj dhe Enold Dragoti, i njohur i tyre dhe kamerier n\u00eb lokal, jan\u00eb l\u00ebn\u00eb arrest n\u00eb burg p\u00ebr 45 dit\u00eb. Ata akuzohen p\u00ebr plagosje t\u00eb r\u00ebnd\u00eb me dashje, parashikuar nga neni 88 i Kodit Penal.<\/p>\n\n\n\n<p class=\"wp-block-paragraph\">Bashk\u00ebpronari tjet\u00ebr, Arb\u00ebr Habilaj, \u00ebsht\u00eb shpallur n\u00eb k\u00ebrkim, nd\u00ebrsa nj\u00eb tjet\u00ebr person po hetohet n\u00eb gjendje t\u00eb lir\u00eb.<\/p>\n\n\n\n<p class=\"wp-block-paragraph\">Pamjet e siguruara hedhin drit\u00eb mbi at\u00eb q\u00eb ndodhi jasht\u00eb lokalit, por hetimi duhet t\u00eb zbardh\u00eb edhe momentet e konfliktit brenda tij, aty ku mungojn\u00eb pamjet filmike.\/TCH<\/p>\n","protected":false},"excerpt":{"rendered":"<p>Dalin pamjet e konfliktit q\u00eb p\u00ebrfundoi me plagosjen e kamerierit 18-vje\u00e7ar n\u00eb nj\u00eb lokal hoteli n\u00eb Malin e Robit, n\u00eb Golem. Pamjet tregojn\u00eb vet\u00ebm pjes\u00ebn e sherrit jasht\u00eb lokalit. Ajo \u00e7far\u00eb ka ndodhur brenda lokalit nuk dihet, pasi nga veprimet procedurale t\u00eb grupit hetimor n\u00eb vendngjarje rezultoi se DVR-ja e kamerave t\u00eb siguris\u00eb ishte hequr [&hellip;]<\/p>\n","protected":false},"author":1,"featured_media":39208,"comment_status":"closed","ping_status":"open","sticky":false,"template":"","format":"standard","meta":{"jnews-multi-image_gallery":[],"jnews_single_post":{"format":"standard"},"jnews_primary_category":[],"footnotes":""},"categories":[1],"tags":[],"class_list":["post-39207","post","type-post","status-publish","format-standard","has-post-thumbnail","hentry","category-news"],"_links":{"self":[{"href":"https:\/\/kohanews.al\/index.php?rest_route=\/wp\/v2\/posts\/39207","targetHints":{"allow":["GET"]}}],"collection":[{"href":"https:\/\/kohanews.al\/index.php?rest_route=\/wp\/v2\/posts"}],"about":[{"href":"https:\/\/kohanews.al\/index.php?rest_route=\/wp\/v2\/types\/post"}],"author":[{"embeddable":true,"href":"https:\/\/kohanews.al\/index.php?rest_route=\/wp\/v2\/users\/1"}],"replies":[{"embeddable":true,"href":"https:\/\/kohanews.al\/index.php?rest_route=%2Fwp%2Fv2%2Fcomments&post=39207"}],"version-history":[{"count":2,"href":"https:\/\/kohanews.al\/index.php?rest_route=\/wp\/v2\/posts\/39207\/revisions"}],"predecessor-version":[{"id":39211,"href":"https:\/\/kohanews.al\/index.php?rest_route=\/wp\/v2\/posts\/39207\/revisions\/39211"}],"wp:featuredmedia":[{"embeddable":true,"href":"https:\/\/kohanews.al\/index.php?rest_route=\/wp\/v2\/media\/39208"}],"wp:attachment":[{"href":"https:\/\/kohanews.al\/index.php?rest_route=%2Fwp%2Fv2%2Fmedia&parent=39207"}],"wp:term":[{"taxonomy":"category","embeddable":true,"href":"https:\/\/kohanews.al\/index.php?rest_route=%2Fwp%2Fv2%2Fcategories&post=39207"},{"taxonomy":"post_tag","embeddable":true,"href":"https:\/\/kohanews.al\/index.php?rest_route=%2Fwp%2Fv2%2Ftags&post=39207"}],"curies":[{"name":"wp","href":"https:\/\/api.w.org\/{rel}","templated":true}]}}