{"id":39212,"date":"2026-09-01T15:51:35","date_gmt":"2026-09-01T14:51:35","guid":{"rendered":"https:\/\/kohanews.al\/?p=39212"},"modified":"2026-09-01T15:51:36","modified_gmt":"2026-09-01T14:51:36","slug":"ska-vjeshte-meteorologet-italian-pergatiten-per-valen-e-gjashte-te-nxehtit-afrikan","status":"publish","type":"post","link":"https:\/\/kohanews.al\/?p=39212","title":{"rendered":"S\u2019ka vjesht\u00eb? Meteorolog\u00ebt italian p\u00ebrgatiten p\u00ebr val\u00ebn e gjasht\u00eb t\u00eb nxehtit afrikan"},"content":{"rendered":"\n<p class=\"wp-block-paragraph\">Meteorolog\u00ebt n\u00eb Itali p\u00ebrgatiten p\u00ebr val\u00ebn e gjasht\u00eb t\u00eb nxehtit afrikan sipas La Republicca-s, q\u00eb flet p\u00ebr disa reshje e stuhi t\u00eb izoluara me hyrjen e shtatorit sidomos n\u00eb zonat malore, por kjo t\u00eb jet\u00eb vet\u00ebm nj\u00eb pauz\u00eb e shkurt\u00ebr pas s\u00eb cil\u00ebs mund t\u00eb pllakos\u00eb s\u00ebrish p\u00ebrv\u00eblimi.<\/p>\n\n\n\n<p class=\"wp-block-paragraph\">Ekspert\u00ebt thon\u00eb se temperaturat do t\u00eb mbeten pak mbi mesataret sezonale, nd\u00ebrsa n\u00eb Rom\u00eb mund t\u00eb arrijn\u00eb s\u00ebrish 36-37 grad\u00eb Celsius. Nga e enjtja, nga sa pretendon media e njohur italiane, nj\u00eb kupol\u00eb nxeht\u00ebsie apo \u201cHeat Dome\u201d si\u00e7 njihet ndryshe, ka gjasa t\u00eb shtrihet mbi Itali dhe pjes\u00eb t\u00eb m\u00ebdha t\u00eb Europ\u00ebs, duke prekur edhe Gjermanin\u00eb, Zvicr\u00ebn, Franc\u00ebn dhe Austrin\u00eb.<\/p>\n\n\n\n<p class=\"wp-block-paragraph\">Sipas parashikimeve, anticikloni afrikan do t\u00eb dominoj\u00eb gjat\u00eb fundjav\u00ebs, nd\u00ebrsa fillimi zyrtar i vjesht\u00ebs pritet m\u00eb 23 shtator. Anomalia termike pritet t\u00eb jet\u00eb e ndjeshme edhe n\u00eb veri t\u00eb Italis\u00eb. N\u00eb Milano, termometrat mund t\u00eb sh\u00ebnojn\u00eb deri n\u00eb 36\u00b0C, nj\u00eb vler\u00eb q\u00eb, n\u00ebse konfirmohet, do t\u00eb ishte e jasht\u00ebzakonshme p\u00ebr muajin shtator dhe mund t\u00eb thyente rekordin historik t\u00eb temperaturave p\u00ebr k\u00ebt\u00eb muaj.<\/p>\n\n\n\n<p class=\"wp-block-paragraph\">Meteorolog\u00ebt thon\u00eb se mbetet vet\u00ebm t\u00eb shpresohet q\u00eb net\u00ebt gjithnj\u00eb e m\u00eb t\u00eb gjata t\u00eb ndihmojn\u00eb n\u00eb shp\u00ebrndarjen graduale t\u00eb k\u00ebsaj nxeht\u00ebsie t\u00eb pazakont\u00eb dhe t\u00eb sjellin m\u00eb n\u00eb fund pak leht\u00ebsi pas nj\u00eb vere t\u00eb jasht\u00ebzakonshme.<\/p>\n","protected":false},"excerpt":{"rendered":"<p>Meteorolog\u00ebt n\u00eb Itali p\u00ebrgatiten p\u00ebr val\u00ebn e gjasht\u00eb t\u00eb nxehtit afrikan sipas La Republicca-s, q\u00eb flet p\u00ebr disa reshje e stuhi t\u00eb izoluara me hyrjen e shtatorit sidomos n\u00eb zonat malore, por kjo t\u00eb jet\u00eb vet\u00ebm nj\u00eb pauz\u00eb e shkurt\u00ebr pas s\u00eb cil\u00ebs mund t\u00eb pllakos\u00eb s\u00ebrish p\u00ebrv\u00eblimi. Ekspert\u00ebt thon\u00eb se temperaturat do t\u00eb mbeten [&hellip;]<\/p>\n","protected":false},"author":1,"featured_media":39213,"comment_status":"closed","ping_status":"open","sticky":false,"template":"","format":"standard","meta":{"jnews-multi-image_gallery":[],"jnews_single_post":{"format":"standard"},"jnews_primary_category":[],"footnotes":""},"categories":[1],"tags":[],"class_list":["post-39212","post","type-post","status-publish","format-standard","has-post-thumbnail","hentry","category-news"],"_links":{"self":[{"href":"https:\/\/kohanews.al\/index.php?rest_route=\/wp\/v2\/posts\/39212","targetHints":{"allow":["GET"]}}],"collection":[{"href":"https:\/\/kohanews.al\/index.php?rest_route=\/wp\/v2\/posts"}],"about":[{"href":"https:\/\/kohanews.al\/index.php?rest_route=\/wp\/v2\/types\/post"}],"author":[{"embeddable":true,"href":"https:\/\/kohanews.al\/index.php?rest_route=\/wp\/v2\/users\/1"}],"replies":[{"embeddable":true,"href":"https:\/\/kohanews.al\/index.php?rest_route=%2Fwp%2Fv2%2Fcomments&post=39212"}],"version-history":[{"count":1,"href":"https:\/\/kohanews.al\/index.php?rest_route=\/wp\/v2\/posts\/39212\/revisions"}],"predecessor-version":[{"id":39214,"href":"https:\/\/kohanews.al\/index.php?rest_route=\/wp\/v2\/posts\/39212\/revisions\/39214"}],"wp:featuredmedia":[{"embeddable":true,"href":"https:\/\/kohanews.al\/index.php?rest_route=\/wp\/v2\/media\/39213"}],"wp:attachment":[{"href":"https:\/\/kohanews.al\/index.php?rest_route=%2Fwp%2Fv2%2Fmedia&parent=39212"}],"wp:term":[{"taxonomy":"category","embeddable":true,"href":"https:\/\/kohanews.al\/index.php?rest_route=%2Fwp%2Fv2%2Fcategories&post=39212"},{"taxonomy":"post_tag","embeddable":true,"href":"https:\/\/kohanews.al\/index.php?rest_route=%2Fwp%2Fv2%2Ftags&post=39212"}],"curies":[{"name":"wp","href":"https:\/\/api.w.org\/{rel}","templated":true}]}}