{"id":39221,"date":"2026-09-02T10:50:21","date_gmt":"2026-09-02T09:50:21","guid":{"rendered":"https:\/\/kohanews.al\/?p=39221"},"modified":"2026-09-02T10:50:22","modified_gmt":"2026-09-02T09:50:22","slug":"semundja-e-shiut-po-terheq-vemendjen-ne-evrope-ja-cfare-u-zbulua-se-fundmi-mbi-simptomat","status":"publish","type":"post","link":"https:\/\/kohanews.al\/?p=39221","title":{"rendered":"\u201cS\u00ebmundja e shiut\u201d po t\u00ebrheq v\u00ebmendjen n\u00eb Evrop\u00eb, ja \u00e7far\u00eb u zbulua s\u00eb fundmi mbi simptomat"},"content":{"rendered":"\n<p class=\"wp-block-paragraph\">Nj\u00eb infeksion i rrall\u00eb i l\u00ebkur\u00ebs, i njohur si dermatofiloza ose \u201cs\u00ebmundja e shiut\u201d, po monitorohet me m\u00eb shum\u00eb v\u00ebmendje n\u00eb Evrop\u00eb pas raportimit t\u00eb rasteve t\u00eb reja te njer\u00ebzit.<\/p>\n\n\n\n<p class=\"wp-block-paragraph\">Sipas medias italiane \u201cTgcom24\u201d, b\u00ebhet fjal\u00eb p\u00ebr nj\u00eb infeksion t\u00eb shkaktuar nga bakteri Dermatophilus congolensis, i cili njihet kryesisht n\u00eb mjek\u00ebsin\u00eb veterinare dhe prek zakonisht kafsh\u00ebt. Te njer\u00ebzit, infeksioni konsiderohet i rrall\u00eb.<\/p>\n\n\n\n<p class=\"wp-block-paragraph\">Bakteri lidhet kryesisht me infeksione t\u00eb l\u00ebkur\u00ebs te bag\u00ebtit\u00eb, por mund t\u00eb prek\u00eb edhe kuajt, delet dhe kafsh\u00eb t\u00eb tjera sht\u00ebpiake ose t\u00eb egra.<\/p>\n\n\n\n<p class=\"wp-block-paragraph\">Rastet e raportuara s\u00eb fundmi n\u00eb Evrop\u00eb kan\u00eb ngritur pik\u00ebpyetje mbi m\u00ebnyr\u00ebn e transmetimit. Tradicionalisht, infeksioni te njer\u00ebzit \u00ebsht\u00eb lidhur me kontaktin me kafsh\u00eb t\u00eb infektuara ose me materiale t\u00eb kontaminuara.<\/p>\n\n\n\n<p class=\"wp-block-paragraph\">Megjithat\u00eb, t\u00eb dh\u00ebnat e reja sugjerojn\u00eb se n\u00eb disa raste mund t\u00eb ket\u00eb transmetim edhe nga personi te personi, ve\u00e7an\u00ebrisht p\u00ebrmes kontaktit t\u00eb drejtp\u00ebrdrejt\u00eb l\u00ebkur\u00eb m\u00eb l\u00ebkur\u00eb. Nuk p\u00ebrjashtohet gjithashtu transmetimi indirekt p\u00ebrmes sip\u00ebrfaqeve apo objekteve t\u00eb kontaminuara.<\/p>\n\n\n\n<p class=\"wp-block-paragraph\">Raste t\u00eb dyshuara jan\u00eb evidentuar edhe te persona q\u00eb merren me sporte me kontakt t\u00eb ngusht\u00eb fizik, si artet marciale. Disa episode jan\u00eb lidhur gjithashtu me q\u00ebndrimin n\u00eb ambiente t\u00eb ngrohta dhe me lag\u00ebshti t\u00eb lart\u00eb, p\u00ebrfshir\u00eb saunat.<\/p>\n\n\n\n<p class=\"wp-block-paragraph\">Infeksioni prek kryesisht l\u00ebkur\u00ebn dhe mund t\u00eb shkaktoj\u00eb ndryshime dermatologjike. Megjithat\u00eb, p\u00ebr shkak t\u00eb rasteve t\u00eb fundit, autoritetet sh\u00ebndet\u00ebsore po p\u00ebrpiqen t\u00eb kuptojn\u00eb n\u00ebse ka ndryshuar modeli i transmetimit dhe cil\u00ebt faktor\u00eb mund t\u00eb ken\u00eb favorizuar shfaqjen e rasteve te njer\u00ebzit.<\/p>\n\n\n\n<p class=\"wp-block-paragraph\">Qendra Evropiane p\u00ebr Parandalimin dhe Kontrollin e S\u00ebmundjeve (ECDC) po e monitoron situat\u00ebn, nd\u00ebrsa ekspert\u00ebt vler\u00ebsojn\u00eb se nevojiten t\u00eb dh\u00ebna t\u00eb m\u00ebtejshme p\u00ebr t\u00eb p\u00ebrcaktuar shkall\u00ebn reale t\u00eb p\u00ebrhapjes s\u00eb infeksionit n\u00eb Evrop\u00eb.<\/p>\n","protected":false},"excerpt":{"rendered":"<p>Nj\u00eb infeksion i rrall\u00eb i l\u00ebkur\u00ebs, i njohur si dermatofiloza ose \u201cs\u00ebmundja e shiut\u201d, po monitorohet me m\u00eb shum\u00eb v\u00ebmendje n\u00eb Evrop\u00eb pas raportimit t\u00eb rasteve t\u00eb reja te njer\u00ebzit. Sipas medias italiane \u201cTgcom24\u201d, b\u00ebhet fjal\u00eb p\u00ebr nj\u00eb infeksion t\u00eb shkaktuar nga bakteri Dermatophilus congolensis, i cili njihet kryesisht n\u00eb mjek\u00ebsin\u00eb veterinare dhe prek zakonisht [&hellip;]<\/p>\n","protected":false},"author":1,"featured_media":39222,"comment_status":"closed","ping_status":"open","sticky":false,"template":"","format":"standard","meta":{"jnews-multi-image_gallery":[],"jnews_single_post":{"format":"standard"},"jnews_primary_category":[],"footnotes":""},"categories":[1],"tags":[],"class_list":["post-39221","post","type-post","status-publish","format-standard","has-post-thumbnail","hentry","category-news"],"_links":{"self":[{"href":"https:\/\/kohanews.al\/index.php?rest_route=\/wp\/v2\/posts\/39221","targetHints":{"allow":["GET"]}}],"collection":[{"href":"https:\/\/kohanews.al\/index.php?rest_route=\/wp\/v2\/posts"}],"about":[{"href":"https:\/\/kohanews.al\/index.php?rest_route=\/wp\/v2\/types\/post"}],"author":[{"embeddable":true,"href":"https:\/\/kohanews.al\/index.php?rest_route=\/wp\/v2\/users\/1"}],"replies":[{"embeddable":true,"href":"https:\/\/kohanews.al\/index.php?rest_route=%2Fwp%2Fv2%2Fcomments&post=39221"}],"version-history":[{"count":1,"href":"https:\/\/kohanews.al\/index.php?rest_route=\/wp\/v2\/posts\/39221\/revisions"}],"predecessor-version":[{"id":39223,"href":"https:\/\/kohanews.al\/index.php?rest_route=\/wp\/v2\/posts\/39221\/revisions\/39223"}],"wp:featuredmedia":[{"embeddable":true,"href":"https:\/\/kohanews.al\/index.php?rest_route=\/wp\/v2\/media\/39222"}],"wp:attachment":[{"href":"https:\/\/kohanews.al\/index.php?rest_route=%2Fwp%2Fv2%2Fmedia&parent=39221"}],"wp:term":[{"taxonomy":"category","embeddable":true,"href":"https:\/\/kohanews.al\/index.php?rest_route=%2Fwp%2Fv2%2Fcategories&post=39221"},{"taxonomy":"post_tag","embeddable":true,"href":"https:\/\/kohanews.al\/index.php?rest_route=%2Fwp%2Fv2%2Ftags&post=39221"}],"curies":[{"name":"wp","href":"https:\/\/api.w.org\/{rel}","templated":true}]}}