{"id":39230,"date":"2026-09-02T15:20:49","date_gmt":"2026-09-02T14:20:49","guid":{"rendered":"https:\/\/kohanews.al\/?p=39230"},"modified":"2026-09-02T15:20:50","modified_gmt":"2026-09-02T14:20:50","slug":"zbulohet-arsyeja-pse-evis-sala-iku-nga-posti-si-ministre-e-shendetesise-ja-reagimi-i-saj-ne-rrjetet-sociale","status":"publish","type":"post","link":"https:\/\/kohanews.al\/?p=39230","title":{"rendered":"Zbulohet arsyeja pse Evis Sala iku nga posti si Ministre e Sh\u00ebndet\u00ebsis\u00eb, ja reagimi i saj n\u00eb rrjetet sociale.."},"content":{"rendered":"\n<p class=\"wp-block-paragraph\">Evis Sala ka reaguar pas dor\u00ebheqjes s\u00eb saj nga posti i ministres s\u00eb Sh\u00ebndet\u00ebsis\u00eb.<\/p>\n\n\n\n<p class=\"wp-block-paragraph\">P\u00ebrmes nj\u00eb reagimi n\u00eb rrjetet sociale, Sala b\u00ebri t\u00eb ditur se ka pranuar disa angazhime nd\u00ebrkomb\u00ebtare n\u00eb fush\u00ebn e saj t\u00eb ekspertiz\u00ebs, q\u00eb p\u00ebrfshin onkologjin\u00eb, inteligjenc\u00ebn artificiale dhe inovacionin.<\/p>\n\n\n\n<p class=\"wp-block-paragraph\">Sala falenderoi kryeministrin Edi Rama p\u00ebr mb\u00ebshtetjen dhe shprehu gjithashtu mir\u00ebnjohjen p\u00ebr qytetar\u00ebt q\u00eb, gjat\u00eb k\u00ebtij viti, i kan\u00eb shkruar, kan\u00eb dh\u00ebn\u00eb sugjerime apo kan\u00eb k\u00ebrkuar m\u00eb shum\u00eb nga sistemi sh\u00ebndet\u00ebsor.<\/p>\n\n\n\n<p class=\"wp-block-paragraph\"><em>\u201cSot ishte mbledhja ime e fundit si an\u00ebtare e kabinetit qeveritar, pasi kam pranuar disa angazhime nd\u00ebrkomb\u00ebtare t\u00eb r\u00ebnd\u00ebsishme n\u00eb fush\u00ebn time t\u00eb ekspertiz\u00ebs: onkolologji \u2013 inteligjenc\u00eb artificiale \u2013 inovacion.<\/em><\/p>\n\n\n\n<p class=\"wp-block-paragraph\"><em>Nj\u00eb vit m\u00eb par\u00eb mora p\u00ebrsip\u00ebr me p\u00ebrgjegj\u00ebsi t\u00eb madhe detyr\u00ebn e Ministres s\u00eb Sh\u00ebndet\u00ebsis\u00eb dhe Mir\u00ebqenies Sociale, nj\u00eb fush\u00eb plot sfida e v\u00ebshtir\u00ebsi. I jam mir\u00ebnjoh\u00ebse Kryeministrit Edi Rama p\u00ebr besimin dhe mb\u00ebshtetjen, si dhe \u00e7do mjeku, infermieri, profesionisti dhe punonj\u00ebsi t\u00eb sistemit t\u00eb sh\u00ebndet\u00ebsis\u00eb e mir\u00ebqenies sociale q\u00eb punoi \u00e7do dit\u00eb p\u00ebr ta b\u00ebr\u00eb sistemin m\u00eb t\u00eb mir\u00eb. Nj\u00eb falenderim t\u00eb ve\u00e7ant\u00eb p\u00ebr \u00e7do qytetar shqiptar q\u00eb m\u00eb shkroi, sugjeroi apo k\u00ebrkoi m\u00eb shum\u00eb prej nesh.<\/em><\/p>\n\n\n\n<p class=\"wp-block-paragraph\"><em>N\u00eb k\u00ebt\u00eb vit kemi b\u00ebr\u00eb hapa t\u00eb r\u00ebnd\u00ebsish\u00ebm n\u00eb sh\u00ebndet\u00ebsi. Shum\u00eb prej tyre jan\u00eb t\u00eb duksh\u00ebm sot, t\u00eb tjer\u00eb sapo kan\u00eb nisur.<\/em><\/p>\n\n\n\n<p class=\"wp-block-paragraph\"><em>Angazhimi im p\u00ebr Shqip\u00ebrin\u00eb nuk lidhet me nj\u00eb post. Ai \u00ebsht\u00eb pjes\u00eb e asaj q\u00eb jam dhe do t\u00eb vazhdoj\u00eb p\u00ebrmes dijes, eksperienc\u00ebs dhe rrjetit tim profesional nd\u00ebrkomb\u00ebtar. Sepse detyrat kan\u00eb nj\u00eb fillim dhe nj\u00eb fund. Por, p\u00ebrgjegj\u00ebsia dhe lidhja me vendin t\u00ebnd nuk kan\u00eb kufij!\u201d,<\/em> shkruan Sala n\u00eb \u201cX\u201d.<\/p>\n","protected":false},"excerpt":{"rendered":"<p>Evis Sala ka reaguar pas dor\u00ebheqjes s\u00eb saj nga posti i ministres s\u00eb Sh\u00ebndet\u00ebsis\u00eb. P\u00ebrmes nj\u00eb reagimi n\u00eb rrjetet sociale, Sala b\u00ebri t\u00eb ditur se ka pranuar disa angazhime nd\u00ebrkomb\u00ebtare n\u00eb fush\u00ebn e saj t\u00eb ekspertiz\u00ebs, q\u00eb p\u00ebrfshin onkologjin\u00eb, inteligjenc\u00ebn artificiale dhe inovacionin. Sala falenderoi kryeministrin Edi Rama p\u00ebr mb\u00ebshtetjen dhe shprehu gjithashtu mir\u00ebnjohjen p\u00ebr [&hellip;]<\/p>\n","protected":false},"author":1,"featured_media":39231,"comment_status":"closed","ping_status":"open","sticky":false,"template":"","format":"standard","meta":{"jnews-multi-image_gallery":[],"jnews_single_post":{"format":"standard"},"jnews_primary_category":[],"footnotes":""},"categories":[1],"tags":[],"class_list":["post-39230","post","type-post","status-publish","format-standard","has-post-thumbnail","hentry","category-news"],"_links":{"self":[{"href":"https:\/\/kohanews.al\/index.php?rest_route=\/wp\/v2\/posts\/39230","targetHints":{"allow":["GET"]}}],"collection":[{"href":"https:\/\/kohanews.al\/index.php?rest_route=\/wp\/v2\/posts"}],"about":[{"href":"https:\/\/kohanews.al\/index.php?rest_route=\/wp\/v2\/types\/post"}],"author":[{"embeddable":true,"href":"https:\/\/kohanews.al\/index.php?rest_route=\/wp\/v2\/users\/1"}],"replies":[{"embeddable":true,"href":"https:\/\/kohanews.al\/index.php?rest_route=%2Fwp%2Fv2%2Fcomments&post=39230"}],"version-history":[{"count":1,"href":"https:\/\/kohanews.al\/index.php?rest_route=\/wp\/v2\/posts\/39230\/revisions"}],"predecessor-version":[{"id":39232,"href":"https:\/\/kohanews.al\/index.php?rest_route=\/wp\/v2\/posts\/39230\/revisions\/39232"}],"wp:featuredmedia":[{"embeddable":true,"href":"https:\/\/kohanews.al\/index.php?rest_route=\/wp\/v2\/media\/39231"}],"wp:attachment":[{"href":"https:\/\/kohanews.al\/index.php?rest_route=%2Fwp%2Fv2%2Fmedia&parent=39230"}],"wp:term":[{"taxonomy":"category","embeddable":true,"href":"https:\/\/kohanews.al\/index.php?rest_route=%2Fwp%2Fv2%2Fcategories&post=39230"},{"taxonomy":"post_tag","embeddable":true,"href":"https:\/\/kohanews.al\/index.php?rest_route=%2Fwp%2Fv2%2Ftags&post=39230"}],"curies":[{"name":"wp","href":"https:\/\/api.w.org\/{rel}","templated":true}]}}