{"id":39233,"date":"2026-09-02T21:26:34","date_gmt":"2026-09-02T20:26:34","guid":{"rendered":"https:\/\/kohanews.al\/?p=39233"},"modified":"2026-09-02T21:26:35","modified_gmt":"2026-09-02T20:26:35","slug":"harrojeni-vjeshten-kur-iken-vapa-gjoni-ashtu-si-gushti-edhe-shtatori","status":"publish","type":"post","link":"https:\/\/kohanews.al\/?p=39233","title":{"rendered":"Harrojeni vjesht\u00ebn\/ Kur ik\u00ebn vapa? Gjoni: Ashtu si Gushti, edhe Shtatori.."},"content":{"rendered":"\n<p class=\"wp-block-paragraph\">Shtatori do t\u00eb jet\u00eb nj\u00eb muaj i nxeht\u00eb dhe me temperatura\u00a0me vlera mbi mesataren. K\u00ebshtu tha Anira Gjoni nga Instituti i Gjeoshkencave n\u00eb Report Tv.<\/p>\n\n\n\n<blockquote class=\"wp-block-quote is-layout-flow wp-block-quote-is-layout-flow\">\n<p class=\"wp-block-paragraph\">\u201cDo t\u00eb jet\u00eb nj\u00eb shtator i nxeht\u00eb. Ky vit do t\u00eb jet\u00eb nxeht\u00eb deri n\u00eb fund p\u00ebr shkak t\u00eb ndryshimeve klimatike&#8221;, tha Gjoni.<\/p>\n<\/blockquote>\n\n\n\n<p class=\"wp-block-paragraph\">N\u00eb 2 jav\u00ebt e para Gjoni thot\u00eb se temperaturrat maksimale do t\u00eb jen\u00eb t\u00eb larta si n\u00eb zonat bregdetar dhe n\u00eb ato t\u00eb ul\u00ebta e malore.<\/p>\n\n\n\n<blockquote class=\"wp-block-quote is-layout-flow wp-block-quote-is-layout-flow\">\n<p class=\"wp-block-paragraph\">\u201cN\u00eb zonat bregdetare temperatuara maksimale \u00ebsht\u00eb 36 grad\u00eb celcius, minimalja \u00ebsht\u00eb 23 grad\u00eb. N\u00eb zonat e ul\u00ebta 35 temperaturat maksimale, 22 ato minimalet. N\u00eb zonat malore temperaturat makismale arrijn\u00eb vler\u00ebn 30-31 grad\u00eb celcius, kurse ato minimalet do t\u00eb jen\u00eb 15 grad\u00eb\u201d, tha Gjoni.<\/p>\n<\/blockquote>\n\n\n\n<blockquote class=\"wp-block-quote is-layout-flow wp-block-quote-is-layout-flow\">\n<p class=\"wp-block-paragraph\">&#8220;Problematike p\u00ebr k\u00ebt\u00eb jav\u00eb mbeten&nbsp;grimcat e pluhurit n\u00eb aj\u00ebr, q\u00eb jan\u00eb t\u00eb pranishme sa her\u00eb kemi val\u00eb t\u00eb t\u00eb nxehtit&#8221;, theksoi ajo.<\/p>\n<\/blockquote>\n\n\n\n<p class=\"wp-block-paragraph\">Ashtu si gushti Gjoni shton se edhe ky muaj do t\u00eb jet\u00eb i that\u00eb, pavar\u00ebsisht reshjeve t\u00eb dob\u00ebta t\u00eb shiut q\u00eb do t\u00eb ket\u00eb n\u00eb zonat malore. Sa i p\u00ebrket dy jav\u00ebve t\u00eb tjera, n\u00eb ve\u00e7anti t\u00eb asaj t\u00eb fundit Gjoni n\u00ebnvizoi se temperaturat do t\u00eb vijojn\u00eb t\u00eb ulen.<\/p>\n\n\n\n<figure class=\"wp-block-embed is-type-video is-provider-youtube wp-block-embed-youtube wp-embed-aspect-16-9 wp-has-aspect-ratio\"><div class=\"wp-block-embed__wrapper\">\n<div class=\"jeg_video_container jeg_video_content\"><iframe title=\"Gjoni: Reshjet rikthehen pas dy jav\u00ebve t\u00eb para, temperaturat ulen n\u00eb fund t\u00eb shtatorit\" width=\"500\" height=\"281\" src=\"https:\/\/www.youtube.com\/embed\/JkzPOtQYbeg?feature=oembed\" frameborder=\"0\" allow=\"accelerometer; autoplay; clipboard-write; encrypted-media; gyroscope; picture-in-picture; web-share\" referrerpolicy=\"strict-origin-when-cross-origin\" allowfullscreen><\/iframe><\/div>\n<\/div><\/figure>\n","protected":false},"excerpt":{"rendered":"<p>Shtatori do t\u00eb jet\u00eb nj\u00eb muaj i nxeht\u00eb dhe me temperatura\u00a0me vlera mbi mesataren. K\u00ebshtu tha Anira Gjoni nga Instituti i Gjeoshkencave n\u00eb Report Tv. \u201cDo t\u00eb jet\u00eb nj\u00eb shtator i nxeht\u00eb. Ky vit do t\u00eb jet\u00eb nxeht\u00eb deri n\u00eb fund p\u00ebr shkak t\u00eb ndryshimeve klimatike&#8221;, tha Gjoni. N\u00eb 2 jav\u00ebt e para Gjoni thot\u00eb [&hellip;]<\/p>\n","protected":false},"author":1,"featured_media":38399,"comment_status":"closed","ping_status":"open","sticky":false,"template":"","format":"standard","meta":{"jnews-multi-image_gallery":[],"jnews_single_post":{"format":"standard"},"jnews_primary_category":[],"footnotes":""},"categories":[1],"tags":[],"class_list":["post-39233","post","type-post","status-publish","format-standard","has-post-thumbnail","hentry","category-news"],"_links":{"self":[{"href":"https:\/\/kohanews.al\/index.php?rest_route=\/wp\/v2\/posts\/39233","targetHints":{"allow":["GET"]}}],"collection":[{"href":"https:\/\/kohanews.al\/index.php?rest_route=\/wp\/v2\/posts"}],"about":[{"href":"https:\/\/kohanews.al\/index.php?rest_route=\/wp\/v2\/types\/post"}],"author":[{"embeddable":true,"href":"https:\/\/kohanews.al\/index.php?rest_route=\/wp\/v2\/users\/1"}],"replies":[{"embeddable":true,"href":"https:\/\/kohanews.al\/index.php?rest_route=%2Fwp%2Fv2%2Fcomments&post=39233"}],"version-history":[{"count":1,"href":"https:\/\/kohanews.al\/index.php?rest_route=\/wp\/v2\/posts\/39233\/revisions"}],"predecessor-version":[{"id":39234,"href":"https:\/\/kohanews.al\/index.php?rest_route=\/wp\/v2\/posts\/39233\/revisions\/39234"}],"wp:featuredmedia":[{"embeddable":true,"href":"https:\/\/kohanews.al\/index.php?rest_route=\/wp\/v2\/media\/38399"}],"wp:attachment":[{"href":"https:\/\/kohanews.al\/index.php?rest_route=%2Fwp%2Fv2%2Fmedia&parent=39233"}],"wp:term":[{"taxonomy":"category","embeddable":true,"href":"https:\/\/kohanews.al\/index.php?rest_route=%2Fwp%2Fv2%2Fcategories&post=39233"},{"taxonomy":"post_tag","embeddable":true,"href":"https:\/\/kohanews.al\/index.php?rest_route=%2Fwp%2Fv2%2Ftags&post=39233"}],"curies":[{"name":"wp","href":"https:\/\/api.w.org\/{rel}","templated":true}]}}