{"id":39246,"date":"2026-09-04T11:09:03","date_gmt":"2026-09-04T10:09:03","guid":{"rendered":"https:\/\/kohanews.al\/?p=39246"},"modified":"2026-09-04T11:16:33","modified_gmt":"2026-09-04T10:16:33","slug":"ska-vjeshte-kete-vit-lajda-porja-ja-kur-pritet-freskimi-temperaturat-perveluese-zgjasin-deri-ne","status":"publish","type":"post","link":"https:\/\/kohanews.al\/?p=39246","title":{"rendered":"S&#8217;ka vjesht\u00eb k\u00ebt\u00eb vit\/ Lajda Porja: Ja kur pritet freskimi\/ Temperaturat p\u00ebrv\u00ebluese zgjasin deri n\u00eb&#8230;"},"content":{"rendered":"\n<h3 class=\"wp-block-heading\">Fundjav\u00eb e nxeht\u00eb n\u00eb Shqip\u00ebri, temperaturat arrijn\u00eb deri n\u00eb 36\u00b0C. Ja kur pritet freskimi<\/h3>\n\n\n\n<p class=\"wp-block-paragraph\">Shqip\u00ebria do t\u00eb p\u00ebrjetoj\u00eb nj\u00eb tjet\u00ebr fundjav\u00eb me temperatura t\u00eb larta, pavar\u00ebsisht se vendi ndodhet tashm\u00eb n\u00eb prag t\u00eb ndryshimit t\u00eb stin\u00ebve. Sipas meteorologes Lajda Porja, e premtja, e shtuna dhe e diela do t\u00eb karakterizohen nga mot kryesisht i q\u00ebndruesh\u00ebm dhe pa reshje n\u00eb pjes\u00ebn m\u00eb t\u00eb madhe t\u00eb territorit.<\/p>\n\n\n\n<p class=\"wp-block-paragraph\">Paraditet do t\u00eb jen\u00eb me diell dhe kthjellime, nd\u00ebrsa gjat\u00eb pasditeve priten vran\u00ebsira t\u00eb lehta dhe kalimtare, kryesisht n\u00eb zonat malore. Megjithat\u00eb, nuk parashikohen reshje t\u00eb konsiderueshme gjat\u00eb fundjav\u00ebs.<\/p>\n\n\n\n<p class=\"wp-block-paragraph\">Temperaturat do t\u00eb mbeten t\u00eb larta. N\u00eb qarkun e Beratit pritet nj\u00eb maksimum prej rreth 36\u00b0C, nd\u00ebrsa gjat\u00eb s\u00eb shtun\u00ebs temperaturat mund t\u00eb p\u00ebsojn\u00eb nj\u00eb r\u00ebnie t\u00eb leht\u00eb, p\u00ebr t&#8217;u ngjitur s\u00ebrish t\u00eb diel\u00ebn.<\/p>\n\n\n\n<p class=\"wp-block-paragraph\">Edhe Elbasani do t\u00eb jet\u00eb nd\u00ebr zonat m\u00eb t\u00eb nxehta t\u00eb vendit, me temperatura shum\u00eb pran\u00eb vlerave t\u00eb Beratit. Pas tyre renditen Tirana, Shkodra dhe Gjirokastra, nd\u00ebrsa n\u00eb pjes\u00ebn tjet\u00ebr t\u00eb territorit temperaturat do t\u00eb jen\u00eb p\u00ebrgjith\u00ebsisht m\u00eb t\u00eb ul\u00ebta.<\/p>\n\n\n\n<p class=\"wp-block-paragraph\">N\u00eb zonat bregdetare temperaturat do t\u00eb luhaten rreth 32-33\u00b0C. Vlora, Saranda dhe zonat e tjera t\u00eb bregdetit t\u00eb Jonit mund t\u00eb regjistrojn\u00eb edhe vlera pak m\u00eb t\u00eb larta. Sipas meteorologes, kushtet do t\u00eb jen\u00eb t\u00eb favorshme p\u00ebr plazh dhe fundjava pritet t\u00eb jet\u00eb e p\u00ebrshtatshme p\u00ebr pushuesit.<\/p>\n\n\n\n<p class=\"wp-block-paragraph\">Megjithat\u00eb, n\u00eb bregdet duhet treguar kujdes p\u00ebr shkak t\u00eb er\u00ebs. Era pritet t\u00eb forcohet her\u00eb pas here, kryesisht gjat\u00eb or\u00ebve t\u00eb pasdites, duke sjell\u00eb edhe dallg\u00ebzim n\u00eb det. Rreziku \u00ebsht\u00eb m\u00eb i madh p\u00ebr f\u00ebmij\u00ebt dhe p\u00ebr personat q\u00eb p\u00ebrdorin mjete t\u00eb vogla lundruese.<\/p>\n\n\n\n<p class=\"wp-block-paragraph\">Ndryshimi i motit pritet t\u00eb nis\u00eb gjat\u00eb mesjav\u00ebs s\u00eb ardhshme. Temperaturat do t\u00eb p\u00ebsojn\u00eb nj\u00eb r\u00ebnie t\u00eb ndjeshme, duke zbritur nga rreth 36\u00b0C n\u00eb 30-31\u00b0C n\u00eb disa zona. S\u00eb bashku me freskimin priten edhe reshje, kryesisht n\u00eb zonat malore, nd\u00ebrsa n\u00eb bregdet mund t\u00eb ket\u00eb momente me pika shiu dhe rrebeshe t\u00eb izoluara.<\/p>\n\n\n\n<p class=\"wp-block-paragraph\">Megjithat\u00eb, sipas parashikimit, kjo r\u00ebnie do t\u00eb jet\u00eb e p\u00ebrkohshme. Temperaturat pritet t\u00eb rikuperohen pas disa dit\u00ebsh, nd\u00ebrsa muaji shtator parashikohet t\u00eb vijoj\u00eb me temperatura mbi vlerat normale p\u00ebr periudh\u00ebn.<\/p>\n\n\n\n<p class=\"wp-block-paragraph\">Meteorologia parashikon gjithashtu q\u00eb pjesa e mbetur e vitit t\u00eb karakterizohet nga temperatura relativisht t\u00eb larta. P\u00ebr vjesht\u00ebn priten episode me reshje, rrebeshe dhe bresh\u00ebr, nd\u00ebrsa muajt tetor, n\u00ebntor dhe dhjetor mund t\u00eb jen\u00eb m\u00eb t\u00eb pasur me reshje pas periudh\u00ebs s\u00eb that\u00eb.<\/p>\n\n\n\n<p class=\"wp-block-paragraph\">P\u00ebr fundjav\u00ebn q\u00eb kemi p\u00ebrpara, megjithat\u00eb, dominon moti i ngroht\u00eb dhe me diell, duke e b\u00ebr\u00eb at\u00eb nj\u00eb nga fundjavat e fundit me karakter tipik veror p\u00ebrpara freskimit t\u00eb pritsh\u00ebm n\u00eb mesin e jav\u00ebs s\u00eb ardhshme.<\/p>\n\n\n\n<figure class=\"wp-block-embed is-type-video is-provider-youtube wp-block-embed-youtube wp-embed-aspect-16-9 wp-has-aspect-ratio\"><div class=\"wp-block-embed__wrapper\">\n<div class=\"jeg_video_container jeg_video_content\"><iframe title=\"S&amp;apos;ka vjesht\u00eb k\u00ebt\u00eb vit\/ Lajda Porja: Dimri vjen n\u00eb janar\/ Temperaturat p\u00ebrv\u00ebluese zgjasin deri n\u00eb...\" width=\"500\" height=\"281\" src=\"https:\/\/www.youtube.com\/embed\/D1VwQKJA-mg?feature=oembed\" frameborder=\"0\" allow=\"accelerometer; autoplay; clipboard-write; encrypted-media; gyroscope; picture-in-picture; web-share\" referrerpolicy=\"strict-origin-when-cross-origin\" allowfullscreen><\/iframe><\/div>\n<\/div><\/figure>\n","protected":false},"excerpt":{"rendered":"<p>Fundjav\u00eb e nxeht\u00eb n\u00eb Shqip\u00ebri, temperaturat arrijn\u00eb deri n\u00eb 36\u00b0C. Ja kur pritet freskimi Shqip\u00ebria do t\u00eb p\u00ebrjetoj\u00eb nj\u00eb tjet\u00ebr fundjav\u00eb me temperatura t\u00eb larta, pavar\u00ebsisht se vendi ndodhet tashm\u00eb n\u00eb prag t\u00eb ndryshimit t\u00eb stin\u00ebve. Sipas meteorologes Lajda Porja, e premtja, e shtuna dhe e diela do t\u00eb karakterizohen nga mot kryesisht i q\u00ebndruesh\u00ebm [&hellip;]<\/p>\n","protected":false},"author":1,"featured_media":37110,"comment_status":"closed","ping_status":"open","sticky":false,"template":"","format":"standard","meta":{"jnews-multi-image_gallery":[],"jnews_single_post":{"format":"standard"},"jnews_primary_category":[],"footnotes":""},"categories":[1],"tags":[],"class_list":["post-39246","post","type-post","status-publish","format-standard","has-post-thumbnail","hentry","category-news"],"_links":{"self":[{"href":"https:\/\/kohanews.al\/index.php?rest_route=\/wp\/v2\/posts\/39246","targetHints":{"allow":["GET"]}}],"collection":[{"href":"https:\/\/kohanews.al\/index.php?rest_route=\/wp\/v2\/posts"}],"about":[{"href":"https:\/\/kohanews.al\/index.php?rest_route=\/wp\/v2\/types\/post"}],"author":[{"embeddable":true,"href":"https:\/\/kohanews.al\/index.php?rest_route=\/wp\/v2\/users\/1"}],"replies":[{"embeddable":true,"href":"https:\/\/kohanews.al\/index.php?rest_route=%2Fwp%2Fv2%2Fcomments&post=39246"}],"version-history":[{"count":2,"href":"https:\/\/kohanews.al\/index.php?rest_route=\/wp\/v2\/posts\/39246\/revisions"}],"predecessor-version":[{"id":39248,"href":"https:\/\/kohanews.al\/index.php?rest_route=\/wp\/v2\/posts\/39246\/revisions\/39248"}],"wp:featuredmedia":[{"embeddable":true,"href":"https:\/\/kohanews.al\/index.php?rest_route=\/wp\/v2\/media\/37110"}],"wp:attachment":[{"href":"https:\/\/kohanews.al\/index.php?rest_route=%2Fwp%2Fv2%2Fmedia&parent=39246"}],"wp:term":[{"taxonomy":"category","embeddable":true,"href":"https:\/\/kohanews.al\/index.php?rest_route=%2Fwp%2Fv2%2Fcategories&post=39246"},{"taxonomy":"post_tag","embeddable":true,"href":"https:\/\/kohanews.al\/index.php?rest_route=%2Fwp%2Fv2%2Ftags&post=39246"}],"curies":[{"name":"wp","href":"https:\/\/api.w.org\/{rel}","templated":true}]}}