{"id":39249,"date":"2026-09-04T11:23:14","date_gmt":"2026-09-04T10:23:14","guid":{"rendered":"https:\/\/kohanews.al\/?p=39249"},"modified":"2026-09-04T11:23:15","modified_gmt":"2026-09-04T10:23:15","slug":"lamtumire-te-gjitheve-te-dua-tragjedi-si-ne-filma-ne-itali-rrembeu-te-dashuren-e-futi-ne-bagazh-pasi-erdhi-policia-u-hodh","status":"publish","type":"post","link":"https:\/\/kohanews.al\/?p=39249","title":{"rendered":"\u201cLamtumir\u00eb t\u00eb gjith\u00ebve. T\u00eb dua..&#8221; Tragjedi si n\u00eb filma n\u00eb Itali, rr\u00ebmbeu t\u00eb dashur\u00ebn e futi n\u00eb bagazh! Pasi erdhi policia u hodh.."},"content":{"rendered":"\n<hr class=\"wp-block-separator has-alpha-channel-opacity\"\/>\n\n\n\n<p class=\"wp-block-paragraph\">\u201cM\u00eb ndihmo, t\u00eb lutem!\u201d K\u00ebto ishin fjal\u00ebt e fundit q\u00eb Lorena Isceri i tha nj\u00eb miku, nd\u00ebrsa ndodhej e mbyllur n\u00eb bagazhin e makin\u00ebs s\u00eb ish-partnerit t\u00eb saj, Federico Vella, 11 vite m\u00eb t\u00eb ri.<\/p>\n\n\n\n<p class=\"wp-block-paragraph\">Pak \u00e7aste m\u00eb par\u00eb, 47-vje\u00e7arja kishte telefonuar edhe numrin e emergjenc\u00ebs 112. M\u00eb pas telefoni u fik. Edhe kur policia tentoi ta telefononte s\u00ebrish, nuk mori m\u00eb p\u00ebrgjigje.<\/p>\n\n\n\n<p class=\"wp-block-paragraph\">Nga salla operative e Firences nisi menj\u00ebher\u00eb k\u00ebrkimi. Sinjali GPS i celularit tregonte se telefoni po l\u00ebvizte n\u00eb autostrad\u00ebn A1. Patrullat e Policis\u00eb Rrugore u vun\u00eb n\u00eb ndjekje dhe arrit\u00ebn ta lokalizonin makin\u00ebn pran\u00eb nj\u00eb mbikalimi n\u00eb Barberino di Mugello.<\/p>\n\n\n\n<p class=\"wp-block-paragraph\">Kur efektiv\u00ebt mb\u00ebrrit\u00ebn, Lorena dhe ish-partneri i saj, Federico Vella,&nbsp; ndodheshin jasht\u00eb automjetit. Kur ai i&nbsp;pa polic\u00ebt kapi Loren\u00ebn dhe sa hap e mbyll syt\u00eb e shtyu nga ura. M\u00eb pas u hodh edhe vet\u00eb pas saj. Mjek\u00ebt e urgjenc\u00ebs nuk mund\u00ebn t\u00eb b\u00ebnin asgj\u00eb p\u00ebr t\u2019i shp\u00ebtuar.<\/p>\n\n\n\n<p class=\"wp-block-paragraph\">Sipas informacioneve t\u00eb para, gjith\u00e7ka kishte nisur disa or\u00eb m\u00eb her\u00ebt. Vella dyshohet se e kishte pritur Loren\u00ebn kur ajo u kthye n\u00eb sht\u00ebpi. N\u00eb garazhin e pallatit e kishte&nbsp; e kishte goditur, m\u00eb pas e kishte lidhur dhe e kishte futur n\u00eb bagazhin e makin\u00ebs.<\/p>\n\n\n\n<p class=\"wp-block-paragraph\">Hetuesit besojn\u00eb se 36-vje\u00e7ari kishte harruar n\u00eb bagazh \u00e7ant\u00ebn e shpin\u00ebs dhe telefonin celular. Pik\u00ebrisht me at\u00eb telefon Lorena arriti t\u00eb telefononte fillimisht policin\u00eb dhe m\u00eb pas nj\u00eb mik, duke k\u00ebrkuar ndihm\u00eb.<\/p>\n\n\n\n<p class=\"wp-block-paragraph\">Lorena Isceri punonte n\u00eb sektorin e marketingut p\u00ebr nj\u00eb kompani veterinare, nd\u00ebrsa Federico Vella ishte i pun\u00ebsuar n\u00eb nj\u00eb kompani t\u00eb makinave me qira. Sipas hetimeve t\u00eb deritanishme, mes tyre kishte pasur debate dhe tensione edhe pas p\u00ebrfundimit t\u00eb lidhjes.<\/p>\n\n\n\n<p class=\"wp-block-paragraph\">N\u00eb v\u00ebmendje t\u00eb hetuesve kan\u00eb p\u00ebrfunduar edhe postimet e fundit t\u00eb 36-vje\u00e7arit n\u00eb Instagram. M\u00eb 12 gusht ai kishte publikuar fotografi t\u00eb tyre s\u00eb bashku, t\u00eb shoq\u00ebruara me mesazhin: \u201cKa lidhje aq t\u00eb p\u00ebrsosura, sa edhe kur ndahen, gjurma e tjetrit mbetet p\u00ebrgjithmon\u00eb. Ty, gruas q\u00eb kam dashur me gjith\u00eb shpirt dhe q\u00eb e humba nga budallall\u00ebku im. Do t\u00eb jem i yti edhe pse nuk mund t\u00eb jem m\u00eb.\u201d<\/p>\n\n\n\n<p class=\"wp-block-paragraph\">Pak or\u00eb para ngjarjes ai kishte publikuar edhe nj\u00eb mesazh n\u00eb \u201cStory\u201d: \u201cLamtumir\u00eb t\u00eb gjith\u00ebve. T\u00eb dua aq sa t\u00eb mos t\u00eb flas kur mund t\u00eb t\u00eb l\u00ebndoj.\u201d<\/p>\n","protected":false},"excerpt":{"rendered":"<p>\u201cM\u00eb ndihmo, t\u00eb lutem!\u201d K\u00ebto ishin fjal\u00ebt e fundit q\u00eb Lorena Isceri i tha nj\u00eb miku, nd\u00ebrsa ndodhej e mbyllur n\u00eb bagazhin e makin\u00ebs s\u00eb ish-partnerit t\u00eb saj, Federico Vella, 11 vite m\u00eb t\u00eb ri. Pak \u00e7aste m\u00eb par\u00eb, 47-vje\u00e7arja kishte telefonuar edhe numrin e emergjenc\u00ebs 112. M\u00eb pas telefoni u fik. Edhe kur policia [&hellip;]<\/p>\n","protected":false},"author":1,"featured_media":39250,"comment_status":"closed","ping_status":"open","sticky":false,"template":"","format":"standard","meta":{"jnews-multi-image_gallery":[],"jnews_single_post":{"format":"standard"},"jnews_primary_category":[],"footnotes":""},"categories":[1],"tags":[],"class_list":["post-39249","post","type-post","status-publish","format-standard","has-post-thumbnail","hentry","category-news"],"_links":{"self":[{"href":"https:\/\/kohanews.al\/index.php?rest_route=\/wp\/v2\/posts\/39249","targetHints":{"allow":["GET"]}}],"collection":[{"href":"https:\/\/kohanews.al\/index.php?rest_route=\/wp\/v2\/posts"}],"about":[{"href":"https:\/\/kohanews.al\/index.php?rest_route=\/wp\/v2\/types\/post"}],"author":[{"embeddable":true,"href":"https:\/\/kohanews.al\/index.php?rest_route=\/wp\/v2\/users\/1"}],"replies":[{"embeddable":true,"href":"https:\/\/kohanews.al\/index.php?rest_route=%2Fwp%2Fv2%2Fcomments&post=39249"}],"version-history":[{"count":1,"href":"https:\/\/kohanews.al\/index.php?rest_route=\/wp\/v2\/posts\/39249\/revisions"}],"predecessor-version":[{"id":39251,"href":"https:\/\/kohanews.al\/index.php?rest_route=\/wp\/v2\/posts\/39249\/revisions\/39251"}],"wp:featuredmedia":[{"embeddable":true,"href":"https:\/\/kohanews.al\/index.php?rest_route=\/wp\/v2\/media\/39250"}],"wp:attachment":[{"href":"https:\/\/kohanews.al\/index.php?rest_route=%2Fwp%2Fv2%2Fmedia&parent=39249"}],"wp:term":[{"taxonomy":"category","embeddable":true,"href":"https:\/\/kohanews.al\/index.php?rest_route=%2Fwp%2Fv2%2Fcategories&post=39249"},{"taxonomy":"post_tag","embeddable":true,"href":"https:\/\/kohanews.al\/index.php?rest_route=%2Fwp%2Fv2%2Ftags&post=39249"}],"curies":[{"name":"wp","href":"https:\/\/api.w.org\/{rel}","templated":true}]}}