{"id":39267,"date":"2026-09-05T16:52:31","date_gmt":"2026-09-05T15:52:31","guid":{"rendered":"https:\/\/kohanews.al\/?p=39267"},"modified":"2026-09-05T16:52:32","modified_gmt":"2026-09-05T15:52:32","slug":"a-do-kandidoje-per-tiranen-florjan-binaj-jep-pergjigjen-perfundimtare-do-jem-nje-nga","status":"publish","type":"post","link":"https:\/\/kohanews.al\/?p=39267","title":{"rendered":"A do kandidoj\u00eb p\u00ebr Tiran\u00ebn? Florjan Binaj jep p\u00ebrgjigjen p\u00ebrfundimtare: Do jem nj\u00eb nga.."},"content":{"rendered":"\n<p class=\"wp-block-paragraph\">Aktori dhe aktivisti Florjan Binaj ka folur p\u00ebr angazhimin e tij publik dhe mund\u00ebsin\u00eb e kandidimit n\u00eb zgjedhjet e ardhshme p\u00ebr Bashkin\u00eb e Tiran\u00ebs.<\/p>\n\n\n\n<p class=\"wp-block-paragraph\">N\u00eb nj\u00eb intervist\u00eb t\u00eb dh\u00ebn\u00eb k\u00ebt\u00eb t\u00eb shtun\u00eb p\u00ebr Euronews Albania, Binaj u pyet n\u00ebse, n\u00eb rast se nuk do t\u00eb ket\u00eb mb\u00ebshtetjen e opozit\u00ebs, do t\u00eb garoj\u00eb si kandidat i pavarur, nd\u00ebrsa n\u00eb nj\u00eb skenar tjet\u00ebr mund t\u00eb jet\u00eb pjes\u00eb e nj\u00eb fronti t\u00eb p\u00ebrbashk\u00ebt opozitar.<\/p>\n\n\n\n<p class=\"wp-block-paragraph\">Binaj u p\u00ebrgjigj shkurt: \u201cPo\u201d, duke l\u00ebn\u00eb t\u00eb kuptohet se \u00ebsht\u00eb i gatsh\u00ebm ta vijoj\u00eb gar\u00ebn politike pavar\u00ebsisht mb\u00ebshtetjes q\u00eb mund t\u00eb marr\u00eb nga forcat opozitare.<\/p>\n\n\n\n<p class=\"wp-block-paragraph\">Pak muaj m\u00eb par\u00eb, emri i tij ishte propozuar nga opozita p\u00ebr kandidatur\u00ebn p\u00ebr Bashkin\u00eb e Tiran\u00ebs, nd\u00ebrsa aktualisht mb\u00ebshtetja e tij nga Sali Berisha dhe Partia Demokratike nuk \u00ebsht\u00eb m\u00eb e nj\u00ebjt\u00eb.<\/p>\n\n\n\n<p class=\"wp-block-paragraph\">I pyetur se \u00e7far\u00eb e shtyn t\u00eb mendoj\u00eb p\u00ebr nj\u00eb angazhim t\u00eb till\u00eb, Binaj tha se vendimi lidhet me bindjen se kushdo q\u00eb beson se mund t\u00eb jap\u00eb nj\u00eb kontribut p\u00ebr shoq\u00ebrin\u00eb duhet t\u00eb angazhohet.<\/p>\n\n\n\n<p class=\"wp-block-paragraph\">\u201cKu hahet m\u00eb \u00e7on q\u00eb mendoj q\u00eb kjo \u00ebsht\u00eb gj\u00ebja e duhur q\u00eb duhet t\u00eb b\u00ebj, jo vet\u00ebm un\u00eb, por kushdo q\u00eb ka nj\u00eb kontribut n\u00eb shoq\u00ebri\u201d, u shpreh ai.<\/p>\n\n\n\n<p class=\"wp-block-paragraph\">Aktori dhe aktivisti theksoi gjithashtu se ndryshimi, sipas tij, nuk mund t\u00eb arrihet vet\u00ebm p\u00ebrmes rrjeteve sociale, por k\u00ebrkon angazhim konkret.<\/p>\n\n\n\n<p class=\"wp-block-paragraph\">\u201cKushdo q\u00eb mendon q\u00eb \u2018enough is enough\u2019 (mjaft \u00ebsht\u00eb mjaft), kushdo q\u00eb mendon q\u00eb ky qytet mund t\u00eb p\u00ebrmir\u00ebsohet, ashtu si \u00e7do qytet, dhe mund t\u00eb p\u00ebrmir\u00ebsohet jo n\u00ebp\u00ebrmjet algoritmit, mund t\u00eb p\u00ebrmir\u00ebsohet jo n\u00ebp\u00ebrmjet like-ave, mund t\u00eb p\u00ebrmir\u00ebsohet jo n\u00ebp\u00ebrmjet komenteve \u2018Bravo shefi, yll shefi, sa i bukur shefi\u2019 e postimeve, por sa do kapim e sa do postojm\u00eb\u201d, deklaroi Binaj.<\/p>\n\n\n\n<p class=\"wp-block-paragraph\">N\u00eb p\u00ebrfundim, Binaj e b\u00ebri t\u00eb qart\u00eb se, pavar\u00ebsisht n\u00ebse do t\u00eb ket\u00eb apo jo mb\u00ebshtetjen e opozit\u00ebs, ai synon t\u00eb jet\u00eb pjes\u00eb e gar\u00ebs p\u00ebr Bashkin\u00eb e Tiran\u00ebs.<\/p>\n","protected":false},"excerpt":{"rendered":"<p>Aktori dhe aktivisti Florjan Binaj ka folur p\u00ebr angazhimin e tij publik dhe mund\u00ebsin\u00eb e kandidimit n\u00eb zgjedhjet e ardhshme p\u00ebr Bashkin\u00eb e Tiran\u00ebs. N\u00eb nj\u00eb intervist\u00eb t\u00eb dh\u00ebn\u00eb k\u00ebt\u00eb t\u00eb shtun\u00eb p\u00ebr Euronews Albania, Binaj u pyet n\u00ebse, n\u00eb rast se nuk do t\u00eb ket\u00eb mb\u00ebshtetjen e opozit\u00ebs, do t\u00eb garoj\u00eb si kandidat i [&hellip;]<\/p>\n","protected":false},"author":1,"featured_media":39268,"comment_status":"closed","ping_status":"open","sticky":false,"template":"","format":"standard","meta":{"jnews-multi-image_gallery":[],"jnews_single_post":{"format":"standard"},"jnews_primary_category":[],"footnotes":""},"categories":[1],"tags":[],"class_list":["post-39267","post","type-post","status-publish","format-standard","has-post-thumbnail","hentry","category-news"],"_links":{"self":[{"href":"https:\/\/kohanews.al\/index.php?rest_route=\/wp\/v2\/posts\/39267","targetHints":{"allow":["GET"]}}],"collection":[{"href":"https:\/\/kohanews.al\/index.php?rest_route=\/wp\/v2\/posts"}],"about":[{"href":"https:\/\/kohanews.al\/index.php?rest_route=\/wp\/v2\/types\/post"}],"author":[{"embeddable":true,"href":"https:\/\/kohanews.al\/index.php?rest_route=\/wp\/v2\/users\/1"}],"replies":[{"embeddable":true,"href":"https:\/\/kohanews.al\/index.php?rest_route=%2Fwp%2Fv2%2Fcomments&post=39267"}],"version-history":[{"count":1,"href":"https:\/\/kohanews.al\/index.php?rest_route=\/wp\/v2\/posts\/39267\/revisions"}],"predecessor-version":[{"id":39269,"href":"https:\/\/kohanews.al\/index.php?rest_route=\/wp\/v2\/posts\/39267\/revisions\/39269"}],"wp:featuredmedia":[{"embeddable":true,"href":"https:\/\/kohanews.al\/index.php?rest_route=\/wp\/v2\/media\/39268"}],"wp:attachment":[{"href":"https:\/\/kohanews.al\/index.php?rest_route=%2Fwp%2Fv2%2Fmedia&parent=39267"}],"wp:term":[{"taxonomy":"category","embeddable":true,"href":"https:\/\/kohanews.al\/index.php?rest_route=%2Fwp%2Fv2%2Fcategories&post=39267"},{"taxonomy":"post_tag","embeddable":true,"href":"https:\/\/kohanews.al\/index.php?rest_route=%2Fwp%2Fv2%2Ftags&post=39267"}],"curies":[{"name":"wp","href":"https:\/\/api.w.org\/{rel}","templated":true}]}}